{"id":321,"date":"2021-04-08T16:44:21","date_gmt":"2021-04-08T16:44:21","guid":{"rendered":"http:\/\/radio-glauchau.online\/?p=321"},"modified":"2021-04-12T06:39:29","modified_gmt":"2021-04-12T06:39:29","slug":"umzug-des-studios-im-mai-2021","status":"publish","type":"post","link":"http:\/\/radio-glauchau.online\/?p=321","title":{"rendered":"Umzug des Studios im Mai 2021"},"content":{"rendered":"<p>Wir ziehen mit unserem Studio\u00a0 in neue R\u00e4umlichkeiten nach Glauchau. Aktuell befindet sich das Studio noch in einem privaten\u00a0 Haus im Dachgescho\u00df in Remse. Aufgrund das wir die Radiosendungen noch besser gestalten wollen und regelm\u00e4\u00dfig G\u00e4ste einladen, sind die \u00f6rtlichen Vorrausetzungen in Remse nicht so optimal. Gleichzeitigt zieht mein Tonstudio mit um und wird erweitert durch ein Video\/Foto und Streaming Studio. Wir bieten damit wenn alles gut verl\u00e4uft ab Juni2021 die M\u00f6glichkeit\u00a0 Euch bei der Erstellung eigener Podcast als Video bzw Audio oder Euren eigenen Livestreams mit\u00a0\u00a0 profesionellen technischen Know How zu unterst\u00fctzen.\u00a0 Weitere Infos folgen. VG Micha@ deejay wildboy<\/p>\n","protected":false},"excerpt":{"rendered":"<p>Wir ziehen mit unserem Studio\u00a0 in neue R\u00e4umlichkeiten nach Glauchau. Aktuell befindet sich das Studio noch in einem privaten\u00a0 Haus im Dachgescho\u00df in Remse. Aufgrund das wir die Radiosendungen noch [&hellip;]<\/p>\n","protected":false},"author":1,"featured_media":0,"comment_status":"closed","ping_status":"open","sticky":false,"template":"","format":"standard","meta":[],"categories":[9],"tags":[],"_links":{"self":[{"href":"http:\/\/radio-glauchau.online\/index.php?rest_route=\/wp\/v2\/posts\/321"}],"collection":[{"href":"http:\/\/radio-glauchau.online\/index.php?rest_route=\/wp\/v2\/posts"}],"about":[{"href":"http:\/\/radio-glauchau.online\/index.php?rest_route=\/wp\/v2\/types\/post"}],"author":[{"embeddable":true,"href":"http:\/\/radio-glauchau.online\/index.php?rest_route=\/wp\/v2\/users\/1"}],"replies":[{"embeddable":true,"href":"http:\/\/radio-glauchau.online\/index.php?rest_route=%2Fwp%2Fv2%2Fcomments&post=321"}],"version-history":[{"count":3,"href":"http:\/\/radio-glauchau.online\/index.php?rest_route=\/wp\/v2\/posts\/321\/revisions"}],"predecessor-version":[{"id":324,"href":"http:\/\/radio-glauchau.online\/index.php?rest_route=\/wp\/v2\/posts\/321\/revisions\/324"}],"wp:attachment":[{"href":"http:\/\/radio-glauchau.online\/index.php?rest_route=%2Fwp%2Fv2%2Fmedia&parent=321"}],"wp:term":[{"taxonomy":"category","embeddable":true,"href":"http:\/\/radio-glauchau.online\/index.php?rest_route=%2Fwp%2Fv2%2Fcategories&post=321"},{"taxonomy":"post_tag","embeddable":true,"href":"http:\/\/radio-glauchau.online\/index.php?rest_route=%2Fwp%2Fv2%2Ftags&post=321"}],"curies":[{"name":"wp","href":"https:\/\/api.w.org\/{rel}","templated":true}]}}